{"id":5556,"date":"2024-03-02T07:21:33","date_gmt":"2024-03-02T06:21:33","guid":{"rendered":"https:\/\/welnawoningservice.nl\/?p=5556"},"modified":"2025-05-24T22:25:04","modified_gmt":"2025-05-24T20:25:04","slug":"fara-dureri-de-cap-pe-drumul-principal","status":"publish","type":"post","link":"https:\/\/welnawoningservice.nl\/ro\/nieuws\/geen-kopzorg-op-de-hoofdweg\/","title":{"rendered":"Nicio grij\u0103 pe drumul principal"},"content":{"rendered":"<p>Dac\u0103 o locuin\u021b\u0103 necesit\u0103 renov\u0103ri majore, deseori efectu\u0103m o mutare temporar\u0103. Mobila este apoi depozitat\u0103 sau mutat\u0103 \u00een locuin\u021ba temporar\u0103.<\/p>\n<p>Uneori, o mutare poate fi destul de stresant\u0103 pentru un rezident, a\u0219a cum a fost cazul recent pe Hoofdweg. \u00cen aceste situa\u021bii, aducem \u00eentotdeauna un manager de proiect care asigur\u0103 \u0219i o atmosfer\u0103 calm\u0103. Acest lucru permite rezidentului s\u0103 men\u021bin\u0103 o imagine de ansamblu \u0219i permite echipei de mutare s\u0103 execute lucrarea.<\/p>\n<p>&nbsp;<\/p>\n<p style=\"text-align: center;\"><span style=\"color: #9baf27;\">\u2013 Lieven de Key \u2013<\/span><\/p>","protected":false},"excerpt":{"rendered":"<p>Dac\u0103 o locuin\u021b\u0103 are nevoie de renov\u0103ri majore, adesea efectu\u0103m reloc\u0103ri temporare. Mobila este apoi depozitat\u0103 sau mutat\u0103 \u00een<\/p>","protected":false},"author":1,"featured_media":4211,"comment_status":"closed","ping_status":"open","sticky":false,"template":"","format":"standard","meta":{"footnotes":""},"categories":[1],"tags":[],"class_list":["post-5556","post","type-post","status-publish","format-standard","has-post-thumbnail","hentry","category-nieuws"],"_links":{"self":[{"href":"https:\/\/welnawoningservice.nl\/ro\/wp-json\/wp\/v2\/posts\/5556","targetHints":{"allow":["GET"]}}],"collection":[{"href":"https:\/\/welnawoningservice.nl\/ro\/wp-json\/wp\/v2\/posts"}],"about":[{"href":"https:\/\/welnawoningservice.nl\/ro\/wp-json\/wp\/v2\/types\/post"}],"author":[{"embeddable":true,"href":"https:\/\/welnawoningservice.nl\/ro\/wp-json\/wp\/v2\/users\/1"}],"replies":[{"embeddable":true,"href":"https:\/\/welnawoningservice.nl\/ro\/wp-json\/wp\/v2\/comments?post=5556"}],"version-history":[{"count":0,"href":"https:\/\/welnawoningservice.nl\/ro\/wp-json\/wp\/v2\/posts\/5556\/revisions"}],"wp:featuredmedia":[{"embeddable":true,"href":"https:\/\/welnawoningservice.nl\/ro\/wp-json\/wp\/v2\/media\/4211"}],"wp:attachment":[{"href":"https:\/\/welnawoningservice.nl\/ro\/wp-json\/wp\/v2\/media?parent=5556"}],"wp:term":[{"taxonomy":"category","embeddable":true,"href":"https:\/\/welnawoningservice.nl\/ro\/wp-json\/wp\/v2\/categories?post=5556"},{"taxonomy":"post_tag","embeddable":true,"href":"https:\/\/welnawoningservice.nl\/ro\/wp-json\/wp\/v2\/tags?post=5556"}],"curies":[{"name":"wp","href":"https:\/\/api.w.org\/{rel}","templated":true}]}}