{"id":5556,"date":"2024-03-02T07:21:33","date_gmt":"2024-03-02T06:21:33","guid":{"rendered":"https:\/\/welnawoningservice.nl\/?p=5556"},"modified":"2025-05-24T22:25:04","modified_gmt":"2025-05-24T20:25:04","slug":"ana-yolda-hicbir-bas-agrisi-yok","status":"publish","type":"post","link":"https:\/\/welnawoningservice.nl\/tr\/nieuws\/geen-kopzorg-op-de-hoofdweg\/","title":{"rendered":"Anayolda Endi\u015felenmeyin"},"content":{"rendered":"<p>E\u011fer bir ev b\u00fcy\u00fck tadilat gerektiriyorsa, genellikle ge\u00e7ici bir ta\u015f\u0131nma i\u015flemi ger\u00e7ekle\u015ftiriyoruz. Mobilyalar daha sonra depolan\u0131yor veya ge\u00e7ici eve ta\u015f\u0131n\u0131yor.<\/p>\n<p>Bazen ta\u015f\u0131nma s\u00fcreci, Hoofdweg&#039;deki son olayda oldu\u011fu gibi, bir sakin i\u00e7in olduk\u00e7a stresli olabilir. Bu gibi durumlarda, her zaman yan\u0131m\u0131zda bir proje y\u00f6neticisi de getiriyoruz ve bu y\u00f6netici sakinin sakin bir ortam sa\u011flamas\u0131na da olanak tan\u0131yor. Bu sayede sakin genel bir bak\u0131\u015f a\u00e7\u0131s\u0131na sahip olurken, ta\u015f\u0131ma ekibi de i\u015fi tamamlayabiliyor.<\/p>\n<p>&nbsp;<\/p>\n<p style=\"text-align: center;\"><span style=\"color: #9baf27;\">\u2013 Lieven de Key \u2013<\/span><\/p>","protected":false},"excerpt":{"rendered":"<p>E\u011fer bir evin b\u00fcy\u00fck \u00e7apl\u0131 tadilata ihtiyac\u0131 varsa, genellikle ge\u00e7ici ta\u015f\u0131malar ger\u00e7ekle\u015ftiriyoruz. Mobilyalar daha sonra depolan\u0131yor veya ba\u015fka bir yere ta\u015f\u0131n\u0131yor.<\/p>","protected":false},"author":1,"featured_media":4211,"comment_status":"closed","ping_status":"open","sticky":false,"template":"","format":"standard","meta":{"footnotes":""},"categories":[1],"tags":[],"class_list":["post-5556","post","type-post","status-publish","format-standard","has-post-thumbnail","hentry","category-nieuws"],"_links":{"self":[{"href":"https:\/\/welnawoningservice.nl\/tr\/wp-json\/wp\/v2\/posts\/5556","targetHints":{"allow":["GET"]}}],"collection":[{"href":"https:\/\/welnawoningservice.nl\/tr\/wp-json\/wp\/v2\/posts"}],"about":[{"href":"https:\/\/welnawoningservice.nl\/tr\/wp-json\/wp\/v2\/types\/post"}],"author":[{"embeddable":true,"href":"https:\/\/welnawoningservice.nl\/tr\/wp-json\/wp\/v2\/users\/1"}],"replies":[{"embeddable":true,"href":"https:\/\/welnawoningservice.nl\/tr\/wp-json\/wp\/v2\/comments?post=5556"}],"version-history":[{"count":0,"href":"https:\/\/welnawoningservice.nl\/tr\/wp-json\/wp\/v2\/posts\/5556\/revisions"}],"wp:featuredmedia":[{"embeddable":true,"href":"https:\/\/welnawoningservice.nl\/tr\/wp-json\/wp\/v2\/media\/4211"}],"wp:attachment":[{"href":"https:\/\/welnawoningservice.nl\/tr\/wp-json\/wp\/v2\/media?parent=5556"}],"wp:term":[{"taxonomy":"category","embeddable":true,"href":"https:\/\/welnawoningservice.nl\/tr\/wp-json\/wp\/v2\/categories?post=5556"},{"taxonomy":"post_tag","embeddable":true,"href":"https:\/\/welnawoningservice.nl\/tr\/wp-json\/wp\/v2\/tags?post=5556"}],"curies":[{"name":"wp","href":"https:\/\/api.w.org\/{rel}","templated":true}]}}